{"id":738,"date":"2018-03-12T21:41:52","date_gmt":"2018-03-12T20:41:52","guid":{"rendered":"http:\/\/www.lg-aichach-rehling.de\/wp\/?p=738"},"modified":"2018-03-12T21:41:52","modified_gmt":"2018-03-12T20:41:52","slug":"lg-athleten-erfolgreich-beim-werner-von-linde-sportfest","status":"publish","type":"post","link":"https:\/\/www.lg-aichach-rehling.de\/wp\/allgemein\/lg-athleten-erfolgreich-beim-werner-von-linde-sportfest\/","title":{"rendered":"LG Athleten erfolgreich beim Werner von Linde Sportfest"},"content":{"rendered":"<p><img loading=\"lazy\" decoding=\"async\" class=\"size-medium wp-image-739 alignleft\" src=\"http:\/\/www.lg-aichach-rehling.de\/wp\/wp-content\/uploads\/2018\/03\/20180311_181113-500x333.jpg\" alt=\"\" width=\"500\" height=\"333\" srcset=\"https:\/\/www.lg-aichach-rehling.de\/wp\/wp-content\/uploads\/2018\/03\/20180311_181113-500x333.jpg 500w, https:\/\/www.lg-aichach-rehling.de\/wp\/wp-content\/uploads\/2018\/03\/20180311_181113-1024x683.jpg 1024w, https:\/\/www.lg-aichach-rehling.de\/wp\/wp-content\/uploads\/2018\/03\/20180311_181113-450x300.jpg 450w\" sizes=\"auto, (max-width: 500px) 100vw, 500px\" \/><\/p>\n<p>Drei Leichtathleten der LG Aichach- Rehling nahmen am Werner- von- Linde- Ged\u00e4chtnissportfest \u00a0teil. <!--more-->Am Samstag begann f\u00fcr Johanna Konrad der Wettkampftag erfolgreich. Sie \u00fcberbot ihre Bestleistung im Weitsprung um 20cm und erreichte mit einer Weite von 4,48m den vierten Platz in der Altersgruppe w13. Bei dem 60-Meter-Lauf\u00a0 konnte sie sich bei einem enorm gro\u00dfen Starterfeld von \u00fcber 70 Teilnehmern gut pr\u00e4sentieren. Mit\u00a0einer Zeit von 8,85s sprintete sie zum f\u00fcnfzehnten Platz. Den Tag schloss die 13-j\u00e4hrige mit einem 800m Lauf ab, bei dem sie unter die Top Ten in ihrer Altersklasse kam. Der u23-Startberechtigte Fabian Sch\u00e4ffler ging ebenfalls \u00fcber diese Mittelstreckendistanz an den Start. Au\u00dfer Wertung lief er bei der j\u00fcngeren Altersklasse (m\u00e4nnliche Jugend u20)\u00a0 zu einer neuen Bestleistung von 2:09,75 min.\u00a0 Trotz einer unverschuldeten, kr\u00e4ftezehrenden Rempelei gleich zu Beginn, lief er ein couragiertes Rennen. Marlene Z\u00f6ttl kam beim 200m Lauf nach 28,10 s ins Ziel und wurde\u00a0 bei der weiblichen Jugend u20 mit dieser Zeit f\u00fcnfte. Mit diesem Wochenende ist die diesj\u00e4hrige Hallensaison abgeschlossen und die Leichtathleten der LG freuen sich nun auf die kommende Freiluftsaison. (Marlene Z\u00f6ttl)<\/p>\n<p><a href=\"http:\/\/www.lg-aichach-rehling.de\/wp\/wp-content\/uploads\/2018\/03\/20180311_181113.jpg\">\u00a0<\/a><\/p>\n","protected":false},"excerpt":{"rendered":"<p>Drei Leichtathleten der LG Aichach- Rehling nahmen am Werner- von- Linde- Ged\u00e4chtnissportfest \u00a0teil.<\/p>\n","protected":false},"author":2,"featured_media":0,"comment_status":"closed","ping_status":"closed","sticky":false,"template":"","format":"standard","meta":{"site-sidebar-layout":"default","site-content-layout":"","ast-site-content-layout":"default","site-content-style":"default","site-sidebar-style":"default","ast-global-header-display":"","ast-banner-title-visibility":"","ast-main-header-display":"","ast-hfb-above-header-display":"","ast-hfb-below-header-display":"","ast-hfb-mobile-header-display":"","site-post-title":"","ast-breadcrumbs-content":"","ast-featured-img":"","footer-sml-layout":"","ast-disable-related-posts":"","theme-transparent-header-meta":"","adv-header-id-meta":"","stick-header-meta":"","header-above-stick-meta":"","header-main-stick-meta":"","header-below-stick-meta":"","astra-migrate-meta-layouts":"default","ast-page-background-enabled":"default","ast-page-background-meta":{"desktop":{"background-color":"var(--ast-global-color-4)","background-image":"","background-repeat":"repeat","background-position":"center center","background-size":"auto","background-attachment":"scroll","background-type":"","background-media":"","overlay-type":"","overlay-color":"","overlay-opacity":"","overlay-gradient":""},"tablet":{"background-color":"","background-image":"","background-repeat":"repeat","background-position":"center center","background-size":"auto","background-attachment":"scroll","background-type":"","background-media":"","overlay-type":"","overlay-color":"","overlay-opacity":"","overlay-gradient":""},"mobile":{"background-color":"","background-image":"","background-repeat":"repeat","background-position":"center center","background-size":"auto","background-attachment":"scroll","background-type":"","background-media":"","overlay-type":"","overlay-color":"","overlay-opacity":"","overlay-gradient":""}},"ast-content-background-meta":{"desktop":{"background-color":"var(--ast-global-color-5)","background-image":"","background-repeat":"repeat","background-position":"center center","background-size":"auto","background-attachment":"scroll","background-type":"","background-media":"","overlay-type":"","overlay-color":"","overlay-opacity":"","overlay-gradient":""},"tablet":{"background-color":"var(--ast-global-color-5)","background-image":"","background-repeat":"repeat","background-position":"center center","background-size":"auto","background-attachment":"scroll","background-type":"","background-media":"","overlay-type":"","overlay-color":"","overlay-opacity":"","overlay-gradient":""},"mobile":{"background-color":"var(--ast-global-color-5)","background-image":"","background-repeat":"repeat","background-position":"center center","background-size":"auto","background-attachment":"scroll","background-type":"","background-media":"","overlay-type":"","overlay-color":"","overlay-opacity":"","overlay-gradient":""}},"footnotes":""},"categories":[1],"tags":[],"class_list":["post-738","post","type-post","status-publish","format-standard","hentry","category-allgemein"],"_links":{"self":[{"href":"https:\/\/www.lg-aichach-rehling.de\/wp\/wp-json\/wp\/v2\/posts\/738","targetHints":{"allow":["GET"]}}],"collection":[{"href":"https:\/\/www.lg-aichach-rehling.de\/wp\/wp-json\/wp\/v2\/posts"}],"about":[{"href":"https:\/\/www.lg-aichach-rehling.de\/wp\/wp-json\/wp\/v2\/types\/post"}],"author":[{"embeddable":true,"href":"https:\/\/www.lg-aichach-rehling.de\/wp\/wp-json\/wp\/v2\/users\/2"}],"replies":[{"embeddable":true,"href":"https:\/\/www.lg-aichach-rehling.de\/wp\/wp-json\/wp\/v2\/comments?post=738"}],"version-history":[{"count":0,"href":"https:\/\/www.lg-aichach-rehling.de\/wp\/wp-json\/wp\/v2\/posts\/738\/revisions"}],"wp:attachment":[{"href":"https:\/\/www.lg-aichach-rehling.de\/wp\/wp-json\/wp\/v2\/media?parent=738"}],"wp:term":[{"taxonomy":"category","embeddable":true,"href":"https:\/\/www.lg-aichach-rehling.de\/wp\/wp-json\/wp\/v2\/categories?post=738"},{"taxonomy":"post_tag","embeddable":true,"href":"https:\/\/www.lg-aichach-rehling.de\/wp\/wp-json\/wp\/v2\/tags?post=738"}],"curies":[{"name":"wp","href":"https:\/\/api.w.org\/{rel}","templated":true}]}}